{"id":993,"date":"2023-07-07T16:28:35","date_gmt":"2023-07-07T14:28:35","guid":{"rendered":"https:\/\/eadministration.lafibre64.fr\/?p=993"},"modified":"2023-07-07T16:28:57","modified_gmt":"2023-07-07T14:28:57","slug":"montee-de-version-demat-ampa-mercredi-12-juillet-a-18h","status":"publish","type":"post","link":"https:\/\/eadministration.lafibre64.fr\/index.php\/2023\/07\/07\/montee-de-version-demat-ampa-mercredi-12-juillet-a-18h\/","title":{"rendered":"Mont\u00e9e de version DEMAT ampa &#8211; Mercredi 12 juillet \u00e0 18h"},"content":{"rendered":"<div>Bonjour \u00e0 tous,<\/div>\n<div><\/div>\n<div>Une mont\u00e9e de version sera effectu\u00e9e mercredi 12\/07 \u00e0 18h.<\/div>\n<div><\/div>\n<div data-marker=\"__SIG_PRE__\">\n<div>Une courte interruption est \u00e0 pr\u00e9voir.<\/div>\n<div><\/div>\n<\/div>\n<div>Merci de votre compr\u00e9hension,<\/div>\n<div><\/div>\n<div>L&rsquo;\u00e9quipe PAE<\/div>\n","protected":false},"excerpt":{"rendered":"<p>Bonjour \u00e0 tous, Une mont\u00e9e de version sera effectu\u00e9e mercredi 12\/07 \u00e0 18h. Une courte interruption est \u00e0 pr\u00e9voir. Merci de votre compr\u00e9hension, L&rsquo;\u00e9quipe PAE<\/p>\n","protected":false},"author":2,"featured_media":784,"comment_status":"closed","ping_status":"open","sticky":false,"template":"","format":"standard","meta":{"footnotes":""},"categories":[4],"tags":[],"class_list":{"0":"post-993","1":"post","2":"type-post","3":"status-publish","4":"format-standard","5":"has-post-thumbnail","7":"category-actualite-pae"},"_links":{"self":[{"href":"https:\/\/eadministration.lafibre64.fr\/index.php\/wp-json\/wp\/v2\/posts\/993","targetHints":{"allow":["GET"]}}],"collection":[{"href":"https:\/\/eadministration.lafibre64.fr\/index.php\/wp-json\/wp\/v2\/posts"}],"about":[{"href":"https:\/\/eadministration.lafibre64.fr\/index.php\/wp-json\/wp\/v2\/types\/post"}],"author":[{"embeddable":true,"href":"https:\/\/eadministration.lafibre64.fr\/index.php\/wp-json\/wp\/v2\/users\/2"}],"replies":[{"embeddable":true,"href":"https:\/\/eadministration.lafibre64.fr\/index.php\/wp-json\/wp\/v2\/comments?post=993"}],"version-history":[{"count":1,"href":"https:\/\/eadministration.lafibre64.fr\/index.php\/wp-json\/wp\/v2\/posts\/993\/revisions"}],"predecessor-version":[{"id":994,"href":"https:\/\/eadministration.lafibre64.fr\/index.php\/wp-json\/wp\/v2\/posts\/993\/revisions\/994"}],"wp:featuredmedia":[{"embeddable":true,"href":"https:\/\/eadministration.lafibre64.fr\/index.php\/wp-json\/wp\/v2\/media\/784"}],"wp:attachment":[{"href":"https:\/\/eadministration.lafibre64.fr\/index.php\/wp-json\/wp\/v2\/media?parent=993"}],"wp:term":[{"taxonomy":"category","embeddable":true,"href":"https:\/\/eadministration.lafibre64.fr\/index.php\/wp-json\/wp\/v2\/categories?post=993"},{"taxonomy":"post_tag","embeddable":true,"href":"https:\/\/eadministration.lafibre64.fr\/index.php\/wp-json\/wp\/v2\/tags?post=993"}],"curies":[{"name":"wp","href":"https:\/\/api.w.org\/{rel}","templated":true}]}}